{"id":5449,"date":"2021-07-14T11:26:03","date_gmt":"2021-07-14T11:26:03","guid":{"rendered":"https:\/\/www.rockgegenrechts.com\/?p=5449"},"modified":"2021-07-14T11:26:26","modified_gmt":"2021-07-14T11:26:26","slug":"welche-acts-fuers-rhythmus-gegen-rassismus-meets-fette-elke-in-guestrow-schon-sicher-sind","status":"publish","type":"post","link":"http:\/\/www.rockgegenrechts.com\/?p=5449","title":{"rendered":"Welche acts f\u00fcrs &#8222;Rhythmus gegen Rassismus meets Fette Elke&#8220; in G\u00fcstrow schon sicher sind!"},"content":{"rendered":"\n<figure class=\"wp-block-image size-large\"><img loading=\"lazy\" decoding=\"async\" width=\"1080\" height=\"1080\" src=\"https:\/\/rockgegenrechts.bplaced.net\/wp-content\/uploads\/2021\/07\/ACTS_drauf26dran28129.png\" alt=\"\" class=\"wp-image-5448\" srcset=\"https:\/\/rockgegenrechts.bplaced.net\/wp-content\/uploads\/2021\/07\/ACTS_drauf26dran28129.png 1080w, https:\/\/rockgegenrechts.bplaced.net\/wp-content\/uploads\/2021\/07\/ACTS_drauf26dran28129-150x150.png 150w, https:\/\/rockgegenrechts.bplaced.net\/wp-content\/uploads\/2021\/07\/ACTS_drauf26dran28129-300x300.png 300w\" sizes=\"(max-width: 1080px) 100vw, 1080px\" \/><\/figure>\n\n\n\n<p class=\"MsoNormal\"><strong>Drauf&amp;Dran<\/strong><\/p>\n\n\n\n<p class=\"MsoNormal\">Seit \u00fcber 10 Jahren reist Jonas Mohr durch Clubs und Festivals. Tausende G\u00e4ste konnte er schon zum Tanzen bewegen und \u00fcber 100 000 H\u00f6rer begeistert er monatlich allein auf Spotify.&nbsp; Mit Herzblut und Engagement unterst\u00fctzt er seit 2020 das Projekt &#8222;Rhythmus gegen Rassismus&#8220;. Mehr Infos zum K\u00fcnstler unter: <a href=\"https:\/\/www.facebook.com\/draufunddranoffiziell\/\">https:\/\/www.facebook.com\/draufunddranoffiziell\/<\/a><\/p>\n\n\n\n<figure class=\"wp-block-image size-large\"><img loading=\"lazy\" decoding=\"async\" width=\"1080\" height=\"1080\" src=\"https:\/\/rockgegenrechts.bplaced.net\/wp-content\/uploads\/2021\/07\/ACTS_Restposten.png\" alt=\"\" class=\"wp-image-5446\" srcset=\"https:\/\/rockgegenrechts.bplaced.net\/wp-content\/uploads\/2021\/07\/ACTS_Restposten.png 1080w, https:\/\/rockgegenrechts.bplaced.net\/wp-content\/uploads\/2021\/07\/ACTS_Restposten-150x150.png 150w, https:\/\/rockgegenrechts.bplaced.net\/wp-content\/uploads\/2021\/07\/ACTS_Restposten-300x300.png 300w\" sizes=\"(max-width: 1080px) 100vw, 1080px\" \/><\/figure>\n\n\n\n<p class=\"MsoNormal\"><strong>Restposten<\/strong><\/p>\n\n\n\n<p class=\"MsoNormal\">Die junge Band aus #Greifswald, die es schon seit 2014 gibt, freut sich auch in #G\u00fcstrow aufzutreten. &nbsp;Da sie bei einer anderen Rock gegen Rechts Veranstaltung schon mal auf unserer B\u00fchne stand, geben wir euch die Gelegenheit ihre Motivation zu lesen: <a href=\"https:\/\/www.rockgegenrechts.com\/?p=3895\">https:\/\/www.rockgegenrechts.com\/?p=3895<\/a> . Mehr Infos zur Band unter <a href=\"https:\/\/www.facebook.com\/Restpostenband\/\">https:\/\/www.facebook.com\/Restpostenband\/<\/a><\/p>\n\n\n\n<figure class=\"wp-block-image size-large\"><img decoding=\"async\" src=\"file:\/\/\/storage\/emulated\/0\/Pictures\/Instagram\/IMG_20210709_084825_240.jpg\" alt=\"\" class=\"wp-image-1426\"\/><\/figure>\n\n\n\n<p class=\"MsoNormal\"><strong>Seyed Key<\/strong><\/p>\n\n\n\n<p class=\"MsoNormal\">Syedkey legt seit 2014 bundesweit in Clubs auf, besonders gepr\u00e4gt durch verschiedene Clubs und Openairs in Hessen und Berlin. Seit 2018 ist er Mitglied der New Stylez und ist bekannt f\u00fcr seinen harten Industrial, melodischen Breaks, Breakbeat und Einfl\u00fcssen aus Rave, Gabba, Hardcore und Trance. Auch er wollte schon 2020 das doch gr\u00f6\u00dfer geplante Rhythmus gegen Rassismus Festival 2020 unterst\u00fctzen, was 2022 nachgeholt werden soll. Dennoch ist Seyed Key schon in diesem Jahr dabei, um viel Rhythmus gegen Rassismus zu beweisen. Mehr Infos zum K\u00fcnstler unter: <a href=\"https:\/\/www.facebook.com\/seyedkey\/\">https:\/\/www.facebook.com\/seyedkey\/<\/a><\/p>\n\n\n\n<figure class=\"wp-block-gallery columns-1 is-cropped wp-block-gallery-1 is-layout-flex wp-block-gallery-is-layout-flex\"><ul class=\"blocks-gallery-grid\"><li class=\"blocks-gallery-item\"><figure><img loading=\"lazy\" decoding=\"async\" width=\"1080\" height=\"1080\" src=\"https:\/\/rockgegenrechts.bplaced.net\/wp-content\/uploads\/2021\/07\/ACTS_Hinterlandgang28129.png\" data-id=\"5447\" data-full-url=\"https:\/\/rockgegenrechts.bplaced.net\/wp-content\/uploads\/2021\/07\/ACTS_Hinterlandgang28129.png\" data-link=\"https:\/\/www.rockgegenrechts.com?p=5447\" class=\"wp-image-5447\" srcset=\"https:\/\/rockgegenrechts.bplaced.net\/wp-content\/uploads\/2021\/07\/ACTS_Hinterlandgang28129.png 1080w, https:\/\/rockgegenrechts.bplaced.net\/wp-content\/uploads\/2021\/07\/ACTS_Hinterlandgang28129-150x150.png 150w, https:\/\/rockgegenrechts.bplaced.net\/wp-content\/uploads\/2021\/07\/ACTS_Hinterlandgang28129-300x300.png 300w\" sizes=\"(max-width: 1080px) 100vw, 1080px\" \/><\/figure><\/li><\/ul><\/figure>\n\n\n\n<p class=\"MsoNormal\"><strong>Hinterlandgang<\/strong><\/p>\n\n\n\n<p class=\"MsoNormal\">Eine HipHop-\/Rap-Crew aus Vorpommern, dessen Texte das Leben zwischen Stadt und Provinz thematisieren, haben schon in der Vergangenheit gro\u00dfartig Stellung bezogen. Auch auf den \u201eWasted in Jarmen\u201c Festival und als Supportact von \u201eWaving the Guns\u201c. Die Musiker packen das in ihre Tracks, was so einige im l\u00e4ndlichen Raum denken. Auch deshalb passen sie gerade nach G\u00fcstrow. Das was den l\u00e4ndlichen Raum eint, sind Menschen mit tr\u00e4umen und Bed\u00fcrfnissen, eine kaum ausgebaute Struktur und einige rechte Strukturen. Tr\u00e4ume bleiben oft auf der Strecke, es sei denn man verl\u00e4sst den l\u00e4ndlichen Raum. Gemeinsam wollen wir die l\u00e4ndlichen Gegend bereichern und Stellung gegen rechte Gruppierungen und Gesellschaftsentwicklungen beziehen. Wer die \u201eHinterlandgang\u201c noch nicht kennt, denen empfehlen wir am 24.07. nach G\u00fcstrow zu kommen um die kritischen Texte, gepaart mit packenden Beats, zu genie\u00dfen. Mehr Infos zu den K\u00fcnstlern unter <a href=\"https:\/\/www.facebook.com\/Hinterlandgang-418003572037056\/\">https:\/\/www.facebook.com\/Hinterlandgang-418003572037056\/<\/a><\/p>\n\n\n\n<p><\/p>\n","protected":false},"excerpt":{"rendered":"<p>Drauf&amp;Dran Seit \u00fcber 10 Jahren reist Jonas Mohr durch Clubs und Festivals. Tausende G\u00e4ste konnte er schon zum Tanzen bewegen und \u00fcber 100 000 H\u00f6rer begeistert er monatlich allein auf Spotify.&nbsp; Mit Herzblut und Engagement unterst\u00fctzt er seit 2020 das Projekt &#8222;Rhythmus gegen Rassismus&#8220;. Mehr Infos zum K\u00fcnstler unter: https:\/\/www.facebook.com\/draufunddranoffiziell\/ Restposten Die junge Band aus &hellip; <a href=\"http:\/\/www.rockgegenrechts.com\/?p=5449\" class=\"more-link\"><span class=\"screen-reader-text\">Welche acts f\u00fcrs &#8222;Rhythmus gegen Rassismus meets Fette Elke&#8220; in G\u00fcstrow schon sicher sind!<\/span> weiterlesen<\/a><\/p>\n","protected":false},"author":1,"featured_media":5442,"comment_status":"closed","ping_status":"closed","sticky":false,"template":"","format":"standard","meta":{"jetpack_post_was_ever_published":false,"_jetpack_newsletter_access":"","_jetpack_dont_email_post_to_subs":false,"_jetpack_newsletter_tier_id":0,"_jetpack_memberships_contains_paywalled_content":false,"_jetpack_memberships_contains_paid_content":false,"footnotes":"","jetpack_publicize_message":"","jetpack_publicize_feature_enabled":true,"jetpack_social_post_already_shared":true,"jetpack_social_options":{"image_generator_settings":{"template":"highway","enabled":false},"version":2}},"categories":[81,16,93,108],"tags":[],"class_list":["post-5449","post","type-post","status-publish","format-standard","has-post-thumbnail","hentry","category-ag-konzert","category-events","category-projekt-fette-elke","category-rgr-guestrow"],"jetpack_publicize_connections":[],"jetpack_featured_media_url":"https:\/\/rockgegenrechts.bplaced.net\/wp-content\/uploads\/2021\/07\/IMG_20210714_112749.jpg","jetpack_shortlink":"https:\/\/wp.me\/p63KIm-1pT","jetpack_sharing_enabled":true,"_links":{"self":[{"href":"http:\/\/www.rockgegenrechts.com\/index.php?rest_route=\/wp\/v2\/posts\/5449"}],"collection":[{"href":"http:\/\/www.rockgegenrechts.com\/index.php?rest_route=\/wp\/v2\/posts"}],"about":[{"href":"http:\/\/www.rockgegenrechts.com\/index.php?rest_route=\/wp\/v2\/types\/post"}],"author":[{"embeddable":true,"href":"http:\/\/www.rockgegenrechts.com\/index.php?rest_route=\/wp\/v2\/users\/1"}],"replies":[{"embeddable":true,"href":"http:\/\/www.rockgegenrechts.com\/index.php?rest_route=%2Fwp%2Fv2%2Fcomments&post=5449"}],"version-history":[{"count":1,"href":"http:\/\/www.rockgegenrechts.com\/index.php?rest_route=\/wp\/v2\/posts\/5449\/revisions"}],"predecessor-version":[{"id":5450,"href":"http:\/\/www.rockgegenrechts.com\/index.php?rest_route=\/wp\/v2\/posts\/5449\/revisions\/5450"}],"wp:featuredmedia":[{"embeddable":true,"href":"http:\/\/www.rockgegenrechts.com\/index.php?rest_route=\/wp\/v2\/media\/5442"}],"wp:attachment":[{"href":"http:\/\/www.rockgegenrechts.com\/index.php?rest_route=%2Fwp%2Fv2%2Fmedia&parent=5449"}],"wp:term":[{"taxonomy":"category","embeddable":true,"href":"http:\/\/www.rockgegenrechts.com\/index.php?rest_route=%2Fwp%2Fv2%2Fcategories&post=5449"},{"taxonomy":"post_tag","embeddable":true,"href":"http:\/\/www.rockgegenrechts.com\/index.php?rest_route=%2Fwp%2Fv2%2Ftags&post=5449"}],"curies":[{"name":"wp","href":"https:\/\/api.w.org\/{rel}","templated":true}]}}