{"id":5470,"date":"2021-07-24T07:39:23","date_gmt":"2021-07-24T07:39:23","guid":{"rendered":"https:\/\/www.rockgegenrechts.com\/?p=5470"},"modified":"2021-07-24T07:39:23","modified_gmt":"2021-07-24T07:39:23","slug":"letzte-infos-fuer-rhythmus-gegen-rassismus-2021","status":"publish","type":"post","link":"http:\/\/www.rockgegenrechts.com\/?p=5470","title":{"rendered":"Letzte Infos f\u00fcr Rhythmus gegen Rassismus 2021"},"content":{"rendered":"\n<p>Wir haben f\u00fcr euch nun Infos zum Hygienekonzept f\u00fcr den 24. Juli:<br><br>Fette Elke:<br>Hier gibt es m\u00e4chtig was auf die Ohren. Nur Leute mit aktuellen Schnelltest, PCR Test, Genesenennachweis oder Impfnachweis  d\u00fcrfen hier rein. Das ganze wird kontrolliert. Ein paar Schnelltests haben wir ebenfalls vor Ort, gegen Spende.<br><br>Pavillon B\u00fchne: <br>Es wird eine abgegrenzten Bereich geben, in dem ihr tanzen &amp; Stehen d\u00fcrft (vorne). M\u00f6glichst auf Abstand. Ihr k\u00f6nnt eure Maske aufsetzen. G\u00e4nge werden wir ebenfalls markieren.<br><br>Der Sitzbereich: Entweder nutzt ihr Bierzeltgarnituren (begrenzt) oder bringt selbst Decken mit. Wir haften allerdings nicht! Das ist euch \u00fcberlassen. Im Zelt w\u00fcrden wir es gut finden, wenn ihr eine Maske tragt.<br><br>Es wird bei uns ebenfalls Getr\u00e4nke und Essen geben, alles durch die Maya Galerie &amp; Caf\u00e9 aus Rostock. Vegan, Vegetarisch und Fleisch. Becher gibt&#8217;s nur gegen Pfand, M\u00fcll und Kippen m\u00fcssen in die Tonne! Mach&#8217;s uns nicht zu schwer.<br><br>Zudem wird es \u00fcberall Desinfektion geben. Auch Spendenboxen verteilen wir. Wir brauchen echt noch Kohle.<br>Ihr d\u00fcrft euch eigene Getr\u00e4nke mitbringen, verzichtet allerdings bitte auf Glasflaschen. Gerade viel Nachmittagsbereich ist Wasser auch sehr wichtig.<br><br>Die Info-Stand-Area d\u00fcrft ihr nur mit Maske, mit Impfzertifikat, mit Genesenennachweis, mit einem negativen PCR Test oder negativen aktuellen Schnelltest betreten. Nehmt bitte R\u00fccksicht!<br><br>Zudem wird es auch Spiele f\u00fcr Kinder und ein Kinderkino geben, f\u00fcr Kindern nat\u00fcrlich ohne Maske. Der Bereich ist ebenfalls markiert.  <br><br>Wir m\u00fcssen nat\u00fcrlich auch die Kontaktverfolgung nutzen. Wir wollen aus Datenschutzgr\u00fcnden auf digitale M\u00f6glichkeiten verzichten. Ihr findet aller h\u00f6chstens die Corona Warnapp zum Einchecken. Wir haben beim Kinozelt und in der N\u00e4he der B\u00fchne ein Check-in eingerichtet. Bitte dort anmelden, und ein cooles Festivalarmband abgreifen. <br><br>Nazis und Rassisten sind nat\u00fcrlich nicht willkommen!<\/p>\n\n\n\n<p>Rhythmus gegen Rassismus ist nat\u00fcrlich auch in diesem Jahr famili\u00e4r!<\/p>\n\n\n\n<p>Es gibt einige, die Infost\u00e4nde zu verschiedenen gesellschaftlichen Themen machen, teilweise auch mit Mitmachenaktionen. Rock gegen Rechts baut wieder seinen Merchstand auf. Es wird ein Stand f\u00fcr Glitzertattoos geben.<br \/>Zudem wird es eine Bastelstra\u00dfe durch den AWO Jugendclub<br \/>aus #G\u00fcstrow geben. Die Villa Kunterb\u00fcndnis bietet gezielte Mitmachaktionen f\u00fcr Jungs an. Der Filmclub G\u00fcstrow baut f\u00fcr die j\u00fcngeren ein Kinozelt auf. Die Nice Jugendtour bietet vorraussichtlich Siebdruck an.<\/p>\n\n\n\n<p>An den St\u00e4nden m\u00fcssen Besucher*innen nat\u00fcrlich Maske tragen, alternativ kann ein Genesenennachweis, eine Impfnachweis, ein vor Ort gemachter negativer Schnelltest oder ein negativer Schnelltest aus einem Testzentrum (24h g\u00fcltig) vorgezeigt werden. Hier sind Kinder nat\u00fcrlich ausgenommen!<\/p>\n","protected":false},"excerpt":{"rendered":"<p>Wir haben f\u00fcr euch nun Infos zum Hygienekonzept f\u00fcr den 24. Juli: Fette Elke:Hier gibt es m\u00e4chtig was auf die Ohren. Nur Leute mit aktuellen Schnelltest, PCR Test, Genesenennachweis oder Impfnachweis d\u00fcrfen hier rein. Das ganze wird kontrolliert. Ein paar Schnelltests haben wir ebenfalls vor Ort, gegen Spende. Pavillon B\u00fchne: Es wird eine abgegrenzten Bereich &hellip; <a href=\"http:\/\/www.rockgegenrechts.com\/?p=5470\" class=\"more-link\"><span class=\"screen-reader-text\">Letzte Infos f\u00fcr Rhythmus gegen Rassismus 2021<\/span> weiterlesen<\/a><\/p>\n","protected":false},"author":1,"featured_media":5469,"comment_status":"closed","ping_status":"closed","sticky":false,"template":"","format":"standard","meta":{"jetpack_post_was_ever_published":false,"_jetpack_newsletter_access":"","_jetpack_dont_email_post_to_subs":false,"_jetpack_newsletter_tier_id":0,"_jetpack_memberships_contains_paywalled_content":false,"_jetpack_memberships_contains_paid_content":false,"footnotes":"","jetpack_publicize_message":"","jetpack_publicize_feature_enabled":true,"jetpack_social_post_already_shared":true,"jetpack_social_options":{"image_generator_settings":{"template":"highway","enabled":false},"version":2}},"categories":[81,16,108],"tags":[],"class_list":["post-5470","post","type-post","status-publish","format-standard","has-post-thumbnail","hentry","category-ag-konzert","category-events","category-rgr-guestrow"],"jetpack_publicize_connections":[],"jetpack_featured_media_url":"https:\/\/rockgegenrechts.bplaced.net\/wp-content\/uploads\/2021\/07\/IMG_20210720_114616_594.jpg","jetpack_shortlink":"https:\/\/wp.me\/p63KIm-1qe","jetpack_sharing_enabled":true,"_links":{"self":[{"href":"http:\/\/www.rockgegenrechts.com\/index.php?rest_route=\/wp\/v2\/posts\/5470"}],"collection":[{"href":"http:\/\/www.rockgegenrechts.com\/index.php?rest_route=\/wp\/v2\/posts"}],"about":[{"href":"http:\/\/www.rockgegenrechts.com\/index.php?rest_route=\/wp\/v2\/types\/post"}],"author":[{"embeddable":true,"href":"http:\/\/www.rockgegenrechts.com\/index.php?rest_route=\/wp\/v2\/users\/1"}],"replies":[{"embeddable":true,"href":"http:\/\/www.rockgegenrechts.com\/index.php?rest_route=%2Fwp%2Fv2%2Fcomments&post=5470"}],"version-history":[{"count":0,"href":"http:\/\/www.rockgegenrechts.com\/index.php?rest_route=\/wp\/v2\/posts\/5470\/revisions"}],"wp:featuredmedia":[{"embeddable":true,"href":"http:\/\/www.rockgegenrechts.com\/index.php?rest_route=\/wp\/v2\/media\/5469"}],"wp:attachment":[{"href":"http:\/\/www.rockgegenrechts.com\/index.php?rest_route=%2Fwp%2Fv2%2Fmedia&parent=5470"}],"wp:term":[{"taxonomy":"category","embeddable":true,"href":"http:\/\/www.rockgegenrechts.com\/index.php?rest_route=%2Fwp%2Fv2%2Fcategories&post=5470"},{"taxonomy":"post_tag","embeddable":true,"href":"http:\/\/www.rockgegenrechts.com\/index.php?rest_route=%2Fwp%2Fv2%2Ftags&post=5470"}],"curies":[{"name":"wp","href":"https:\/\/api.w.org\/{rel}","templated":true}]}}