{"id":677,"date":"2011-12-05T16:38:22","date_gmt":"2011-12-05T16:38:22","guid":{"rendered":"http:\/\/rockgegenrechts.square7.ch\/?p=677"},"modified":"2012-02-10T16:50:58","modified_gmt":"2012-02-10T16:50:58","slug":"pressemitteilung-neonazi-konzert-der-rechte-sumpf-grimmens-lebt-auf","status":"publish","type":"post","link":"http:\/\/www.rockgegenrechts.com\/?p=677","title":{"rendered":"Pressemitteilung &#8211; Neonazi-Konzert: Der rechte Sumpf Grimmens lebt auf"},"content":{"rendered":"<p style=\"text-align: justify;\">Grimmen hat seit Jahren ein gro\u00dfes Problem mit Neonazis. Eine weile war es recht ruhig in dem kleinen Ort des Landkreises Vorpommern-R\u00fcgen (MV), aber momentan versch\u00e4rft sich wieder die Lage. Ans\u00e4ssige Neonazis organisierten zum letzten Wochenende ein Konzert <strong>auf einem Firmengel\u00e4nde der Stoltenh\u00e4gener Stra\u00dfe, in der n\u00e4he der Getreide AG (also nicht auf ihrem Gel\u00e4nde<\/strong>). \u201eLaut unseren Informationen trat die verfassungsfeindliche Band \u201eProjekt Pommernsturm\u201c auf, ohne das die Polizei dagegen vorging.<!--more--><\/p>\n<p style=\"text-align: justify;\">Informationen zu dieser Veranstaltung wurden unsererseits der Polizei Mitte der letzten Woche \u00fcbermittelt\u201c sagte Jens Knoop, Sprecher die Initiative Rock gegen rechts Stralsund. Die Band hat etliche Videos auf der Videoplattform \u201eYoutube\u201c ver\u00f6ffentlicht, worin Hakenkreuze und SS-Ruhnen auftauchen. Ihre Texte sind rassistisch, antisemitisch, hasserf\u00fcllt und menschenfeindlich, weshalb auch Alben indiziert wurden.<\/p>\n<p style=\"text-align: justify;\">Nach unseren Recherchen waren ca. 200-300 Rechtsextreme vor Ort. Vermutet hinter den Organisatoren wird Paul Labuzinski <strong>(seit kurzer zeit von der Bundeswehr entlassen)<\/strong> aus Grimmen, welcher auch als \u201eAnf\u00fchrer\u201c der autonomen Nationalisten vor Ort gilt. Gleichzeitig h\u00e4lt dieser Kontakt zu anderen rechten Subkulturen. Die Anh\u00e4nger des Fu\u00dfballvereins SV Traktor Stoltenhagen stehen diesem auch nahe. Weiterhin gibt es noch andere rechte Strukturen in und um Grimmen.<\/p>\n<p style=\"text-align: justify;\">Dies war aber nicht die erste rechtsextreme Veranstaltung in Grimmen. Infost\u00e4nde, Demonstrationen, Kameradschaftsabende und andere Veranstaltungen geh\u00f6rten bisher zum Alltag der Stadt. Mitte September diesen Jahres fand schon ein Neonazi-Konzert statt. Dort war der Veranstaltungsort die \u201ePetersilienbar\u201c.\u00a0 In diese R\u00e4umlichkeit passen ca. 150 Personen rein.<\/p>\n<p style=\"text-align: justify;\">\u201eDie Stadt Grimmen, der Kreistag Vorpommern-R\u00fcgen und der Landrat m\u00fcssen sich schnell, gr\u00fcndlich und regelm\u00e4\u00dfig mit diesem Thema besch\u00e4ftigen. Wir erwarten ebenfalls, vom B\u00fcrgermeister der Stadt, dass er sich klar gegen Rechte Tendenzen positioniert, und aktiv gegen menschenfeindliche Einstellungen zu werden. Weiterhin erwarten wir ein kooperatives Verhalten uns gegen\u00fcber im Bezug auf Veranstaltungen gegen Rechts. Demokratische Werte k\u00f6nnen nur in Kooperation vermittelt werden\u201c sagt Andreas M\u00fcller (Mitglied des Jugendhilfeausschusses des Kreises).<\/p>\n<p style=\"text-align: justify;\">F\u00fcr weitere Hinweise im Bezug auf die Aktivit\u00e4ten im Landkreis Vorpommern-R\u00fcgen w\u00e4ren wir dankbar.<\/p>\n<p style=\"text-align: justify;\">Wir bitten f\u00fcr die entstandenen Fehlinformationen um entschuldigung, und bedanken uns bei den Lesern!<\/p>\n","protected":false},"excerpt":{"rendered":"<p>Grimmen hat seit Jahren ein gro\u00dfes Problem mit Neonazis. Eine weile war es recht ruhig in dem kleinen Ort des Landkreises Vorpommern-R\u00fcgen (MV), aber momentan versch\u00e4rft sich wieder die Lage. Ans\u00e4ssige Neonazis organisierten zum letzten Wochenende ein Konzert auf einem Firmengel\u00e4nde der Stoltenh\u00e4gener Stra\u00dfe, in der n\u00e4he der Getreide AG (also nicht auf ihrem Gel\u00e4nde). &hellip; <a href=\"http:\/\/www.rockgegenrechts.com\/?p=677\" class=\"more-link\"><span class=\"screen-reader-text\">Pressemitteilung &#8211; Neonazi-Konzert: Der rechte Sumpf Grimmens lebt auf<\/span> weiterlesen<\/a><\/p>\n","protected":false},"author":1,"featured_media":0,"comment_status":"open","ping_status":"open","sticky":false,"template":"","format":"standard","meta":{"jetpack_post_was_ever_published":false,"_jetpack_newsletter_access":"","_jetpack_dont_email_post_to_subs":false,"_jetpack_newsletter_tier_id":0,"_jetpack_memberships_contains_paywalled_content":false,"_jetpack_memberships_contains_paid_content":false,"footnotes":"","jetpack_publicize_message":"","jetpack_publicize_feature_enabled":true,"jetpack_social_post_already_shared":false,"jetpack_social_options":{"image_generator_settings":{"template":"highway","enabled":false},"version":2}},"categories":[1],"tags":[],"class_list":["post-677","post","type-post","status-publish","format-standard","hentry","category-allgemein"],"jetpack_publicize_connections":[],"jetpack_featured_media_url":"","jetpack_shortlink":"https:\/\/wp.me\/p63KIm-aV","jetpack_sharing_enabled":true,"_links":{"self":[{"href":"http:\/\/www.rockgegenrechts.com\/index.php?rest_route=\/wp\/v2\/posts\/677"}],"collection":[{"href":"http:\/\/www.rockgegenrechts.com\/index.php?rest_route=\/wp\/v2\/posts"}],"about":[{"href":"http:\/\/www.rockgegenrechts.com\/index.php?rest_route=\/wp\/v2\/types\/post"}],"author":[{"embeddable":true,"href":"http:\/\/www.rockgegenrechts.com\/index.php?rest_route=\/wp\/v2\/users\/1"}],"replies":[{"embeddable":true,"href":"http:\/\/www.rockgegenrechts.com\/index.php?rest_route=%2Fwp%2Fv2%2Fcomments&post=677"}],"version-history":[{"count":8,"href":"http:\/\/www.rockgegenrechts.com\/index.php?rest_route=\/wp\/v2\/posts\/677\/revisions"}],"predecessor-version":[{"id":685,"href":"http:\/\/www.rockgegenrechts.com\/index.php?rest_route=\/wp\/v2\/posts\/677\/revisions\/685"}],"wp:attachment":[{"href":"http:\/\/www.rockgegenrechts.com\/index.php?rest_route=%2Fwp%2Fv2%2Fmedia&parent=677"}],"wp:term":[{"taxonomy":"category","embeddable":true,"href":"http:\/\/www.rockgegenrechts.com\/index.php?rest_route=%2Fwp%2Fv2%2Fcategories&post=677"},{"taxonomy":"post_tag","embeddable":true,"href":"http:\/\/www.rockgegenrechts.com\/index.php?rest_route=%2Fwp%2Fv2%2Ftags&post=677"}],"curies":[{"name":"wp","href":"https:\/\/api.w.org\/{rel}","templated":true}]}}