{"id":954,"date":"2012-04-04T14:04:54","date_gmt":"2012-04-04T14:04:54","guid":{"rendered":"http:\/\/rockgegenrechts.square7.ch\/?p=954"},"modified":"2012-04-04T14:04:54","modified_gmt":"2012-04-04T14:04:54","slug":"bericht-zu-den-aktionstagen-2011","status":"publish","type":"post","link":"http:\/\/www.rockgegenrechts.com\/?p=954","title":{"rendered":"Bericht zu den Aktionstagen 2011"},"content":{"rendered":"<p style=\"text-align: justify;\">Der 08. Juli 201<a href=\"http:\/\/rockgegenrechts.square7.ch\/wp-content\/uploads\/2011\/08\/ausstellung.jpg\"><img loading=\"lazy\" decoding=\"async\" class=\"alignright size-medium wp-image-666\" title=\"ausstellung\" src=\"http:\/\/rockgegenrechts.square7.ch\/wp-content\/uploads\/2011\/08\/ausstellung-300x191.jpg\" alt=\"\" width=\"300\" height=\"191\" srcset=\"https:\/\/rockgegenrechts.bplaced.net\/wp-content\/uploads\/2011\/08\/ausstellung-300x191.jpg 300w, https:\/\/rockgegenrechts.bplaced.net\/wp-content\/uploads\/2011\/08\/ausstellung.jpg 416w\" sizes=\"(max-width: 300px) 100vw, 300px\" \/><\/a>1 war ein wichtiger Tag f\u00fcr die Initiative Rock gegen Rechts Stralsund. Wir haben nach Jahren \u00f6ffentlich gezeigt, dass wir wieder da sind. Die Rock gegen Rechts reloaded Party 2011 in der Kulturschmiede wurde zahlreich besucht. Es spielten mehrere regionale und \u00fcberregionale Bands.<\/p>\n<p style=\"text-align: justify;\">Am Abend zuvor gab es einen versuchten \u00dcbergriff von Neonazis auf einen Jugendlichen. Der Grund war, dass er illegal plakatierte Neonaziplakate abriss. Der Jugendliche konnte sich einem Messerangriff noch rechtzeitig entziehen. Dies zeigte wieder einmal, dass die Stadt Stralsund ein Problem mit gewaltbereiten Nazis hat. Dies war der Anlass, dass sich Besucher der reloaded Party entschieden eine friedliche Spontandemonstration in der Altstadt durchzuf\u00fchren<!--more--><\/p>\n<p style=\"text-align: justify;\">Am Montag, 15. August 2011, wurde in der Volkshochschule die VVN-BdA-Ausstellung \u201eNeofaschismus in Deutschland\u201c er\u00f6ffnet. Der Landesvorsitzende des VVN-BdA erl\u00e4uterte die Ziele der Ausstellung und f\u00fchrte die G\u00e4ste an den einzelnen Tafeln vorbei. Dabei kam es zu interessanten Gespr\u00e4chen und Diskussionen. Im Anschluss daran wurde der Jungw\u00e4hler_innen-Werbespot f\u00fcr die Landtagswahl pr\u00e4sentiert, dieser lief danach auf mehreren offenen Kan\u00e4len im Land. Der Werbespot wurde in Zusammenarbeit mit der Sophie Medienwerkstat e.V. produziert und auch vom Land MV gef\u00f6rdert.<\/p>\n<p style=\"text-align: justify;\">Der Dienstag stand ganz im Zeichen der Fl\u00fcchtlingspolitik. Die G\u00e4ste der Veranstaltung, unter anderem eine Schulklasse, nutzten die Gelegenheit mit der Vorsitzenden des Fl\u00fcchtlingsrats MV e.V., die die Lebensbedingungen der Asylbewerberinnen und Asylbewerber in unserem Land sehr eindr\u00fccklich schilderte, ins Gespr\u00e4ch zu kommen. Alle Teilnehmer_innen waren am Ende der Meinung, dass die Lebensbedingungen der Asylbewerberinnen und Asylbewerber dringend verbessert werden m\u00fcssen. Ein Leben ohne Krankenversicherungsschutz, in Gemeinschaftsunterk\u00fcnften mit 6m\u00b2 pro Person in einem fremden Land, das diese nicht als kulturelle Bereicherung ansieht sondern eher als potentielle \u201eGefahr\u201c und Kostenfaktor, ist menschenunw\u00fcrdig und steht im Widerspruch mit der von Deutschland unterzeichneten Menschenrechtskonvention.<\/p>\n<p style=\"text-align: justify;\">Der Saal der Volkshochschule war fast bis auf den letzten Platz gef\u00fcllt, als am Mittwoch das Thema \u201eRechte Gewalt in Mecklenburg-Vorpommern\u201c war. Der Referent von LOBBI MV erkl\u00e4rte die Arbeit von LOBBI (www.lobbi-mv.de), diskutierte mit den G\u00e4sten den Begriff Gewalt und brachte aktuelle Beispiele von rechter Gewalt in Mecklenburg-Vorpommern. Im Anschluss bekam er von den G\u00e4sten einen Input \u00fcber rechte Gewalt im Landkreis Vorpommern-R\u00fcgen, so dass beide Seiten den Abend als sehr informativ bewerteten.<\/p>\n<p style=\"text-align: justify;\">Wie an den Vortagen, interessierte auch der Vortrag \u201e\u00d6kologie von Rechts\u201c viele Stralsunder_innen. In diesem Vortrag von Sobi e.V. (soziale Bildung Rostock) ging es darum, wie sich Neofaschisten dem Thema \u00d6kologie und Umweltschutz bedienen bzw. benutzen, um ihre Ideologie zu tarnen und umzusetzen. Es wurde offenbart, dass es viele Biobauernh\u00f6fe in MV gibt, die von Neonazis gef\u00fchrt werden. Das Fazit dieses Abends war, dass es auch in diesem Bereich eine gro\u00dfe Bewegung von rechter Seite in MV gibt.<\/p>\n<p style=\"text-align: justify;\">Am Freitag war der Raum schon fast \u00fcberf\u00fcllt. Dies lag mit Sicherheit an dem spannenden Thema \u201eAlltagsrassismus und rechte Strukturen &#8211; deutsche Zust\u00e4nde und antifaschistische Perspektiven\u201c. Es wurde mit den Podiumsteilnehmern der Rosa-Luxemburg Stiftung und des Peter-Wei\u00dfe-Haus diskutiert.<\/p>\n<p style=\"text-align: justify;\">Der letzte Tag der Aktionstage gegen Rechts 2011 war wieder ein sehr ereignisreicher Tag, ein Vortrag und ein Konzert standen auf der Tagesordnung. Er begann mit dem Vortrag zum Thema \u201e Rechte Strukturen und Wahlkampftaktik in MV\u201c. Vertreter von Sobi e.V. hatten diese Veranstaltung mit Unterst\u00fctzung der DGB Jugend durchgef\u00fchrt. Am Abend stellten sich ab 18.00 Uhr im Eingangsbereich des Konzertraumes viele Unterst\u00fctzer der Aktionstage vor. Sie kamen mit den G\u00e4sten zu den vielseitigen Themen dieser Aktionstage ins Gespr\u00e4ch. Um 19.30 Uhr ging das Abschlusskonzert der Aktionstage des Jahres 2011 los. Es spielten 5 Bands aus der Region und ganz MV. Sie heizten den hunderten Besuchern ordentlich ein und erhoben ihre Stimme gegen Neonazis und rechte Ideologien.<\/p>\n<p style=\"text-align: justify;\">Das Fazit der Aktionstage gegen Rechts 2011: Jeden Tag war etwas los, viele neue Menschen engagieren sich gegen Nazis, und die Besucherzahlen zeigen uns, dass das von uns geschaffene Angebot angenommen wurde. In laufe der ganzen Aktionstage haben rund 800 Menschen unsere Veranstaltungen besucht. Wir werden solche Aktionstage im Jahr 2012 wiederholen.<\/p>\n","protected":false},"excerpt":{"rendered":"<p>Der 08. Juli 2011 war ein wichtiger Tag f\u00fcr die Initiative Rock gegen Rechts Stralsund. Wir haben nach Jahren \u00f6ffentlich gezeigt, dass wir wieder da sind. Die Rock gegen Rechts reloaded Party 2011 in der Kulturschmiede wurde zahlreich besucht. Es spielten mehrere regionale und \u00fcberregionale Bands. Am Abend zuvor gab es einen versuchten \u00dcbergriff von &hellip; <a href=\"http:\/\/www.rockgegenrechts.com\/?p=954\" class=\"more-link\"><span class=\"screen-reader-text\">Bericht zu den Aktionstagen 2011<\/span> weiterlesen<\/a><\/p>\n","protected":false},"author":1,"featured_media":0,"comment_status":"open","ping_status":"open","sticky":false,"template":"","format":"standard","meta":{"jetpack_post_was_ever_published":false,"_jetpack_newsletter_access":"","_jetpack_dont_email_post_to_subs":false,"_jetpack_newsletter_tier_id":0,"_jetpack_memberships_contains_paywalled_content":false,"_jetpack_memberships_contains_paid_content":false,"footnotes":"","jetpack_publicize_message":"","jetpack_publicize_feature_enabled":true,"jetpack_social_post_already_shared":false,"jetpack_social_options":{"image_generator_settings":{"template":"highway","enabled":false},"version":2}},"categories":[58],"tags":[],"class_list":["post-954","post","type-post","status-publish","format-standard","hentry","category-agr-2011"],"jetpack_publicize_connections":[],"jetpack_featured_media_url":"","jetpack_shortlink":"https:\/\/wp.me\/p63KIm-fo","jetpack_sharing_enabled":true,"_links":{"self":[{"href":"http:\/\/www.rockgegenrechts.com\/index.php?rest_route=\/wp\/v2\/posts\/954"}],"collection":[{"href":"http:\/\/www.rockgegenrechts.com\/index.php?rest_route=\/wp\/v2\/posts"}],"about":[{"href":"http:\/\/www.rockgegenrechts.com\/index.php?rest_route=\/wp\/v2\/types\/post"}],"author":[{"embeddable":true,"href":"http:\/\/www.rockgegenrechts.com\/index.php?rest_route=\/wp\/v2\/users\/1"}],"replies":[{"embeddable":true,"href":"http:\/\/www.rockgegenrechts.com\/index.php?rest_route=%2Fwp%2Fv2%2Fcomments&post=954"}],"version-history":[{"count":1,"href":"http:\/\/www.rockgegenrechts.com\/index.php?rest_route=\/wp\/v2\/posts\/954\/revisions"}],"predecessor-version":[{"id":955,"href":"http:\/\/www.rockgegenrechts.com\/index.php?rest_route=\/wp\/v2\/posts\/954\/revisions\/955"}],"wp:attachment":[{"href":"http:\/\/www.rockgegenrechts.com\/index.php?rest_route=%2Fwp%2Fv2%2Fmedia&parent=954"}],"wp:term":[{"taxonomy":"category","embeddable":true,"href":"http:\/\/www.rockgegenrechts.com\/index.php?rest_route=%2Fwp%2Fv2%2Fcategories&post=954"},{"taxonomy":"post_tag","embeddable":true,"href":"http:\/\/www.rockgegenrechts.com\/index.php?rest_route=%2Fwp%2Fv2%2Ftags&post=954"}],"curies":[{"name":"wp","href":"https:\/\/api.w.org\/{rel}","templated":true}]}}